[{"@context":"https:\/\/schema.org\/","@type":"Article","@id":"https:\/\/www.m40.cz\/ktera-barva-je-dobra\/#Article","mainEntityOfPage":"https:\/\/www.m40.cz\/ktera-barva-je-dobra\/","headline":"Kter\u00e1 barva je dobr\u00e1?","name":"Kter\u00e1 barva je dobr\u00e1?","description":"No rozhodn\u011b modr\u00e1! V\u00edte, kter\u00e1 m\u00edstnost nikdy nesm\u00ed chyb\u011bt v byt\u011b nebo dom\u011b? Koupelna! Pr\u00e1v\u011b tato m\u00edstnost m\u016f\u017ee b\u00fdt v n\u011bkter\u00fdch domech v\u011bt\u0161\u00ed, v jin\u00fdch budov\u00e1ch, nap\u0159\u00edklad bytech t\u0159eba i men\u0161\u00ed. V\u017edy bude m\u00edt jist\u00fd sv\u016fj vlastn\u00ed prostor a\u0165 u\u017e men\u0161\u00ed nebo v\u011bt\u0161\u00ed a v\u017edy si ji m\u016f\u017eeme p\u0159izp\u016fsobit podle sv\u00fdch vlastn\u00edch p\u0159edstav. Sprchov\u00fd kout, [&hellip;]","datePublished":"2019-12-18","dateModified":"2023-05-06","author":{"@type":"Person","@id":"https:\/\/www.m40.cz\/author\/#Person","name":"","url":"https:\/\/www.m40.cz\/author\/","identifier":1,"image":{"@type":"ImageObject","@id":"https:\/\/secure.gravatar.com\/avatar\/4a71ad3e3da672fdab00dac6e0f7e744f8cb217202b101d0ffab0cf07645e95c?s=96&d=mm&r=g","url":"https:\/\/secure.gravatar.com\/avatar\/4a71ad3e3da672fdab00dac6e0f7e744f8cb217202b101d0ffab0cf07645e95c?s=96&d=mm&r=g","height":96,"width":96}},"publisher":{"@type":"Organization","name":"m40.cz","logo":{"@type":"ImageObject","@id":"\/logo.png","url":"\/logo.png","width":600,"height":60}},"image":{"@type":"ImageObject","@id":"https:\/\/www.m40.cz\/wp-content\/uploads\/img_a377844_w4256_t1589280445.jpg","url":"https:\/\/www.m40.cz\/wp-content\/uploads\/img_a377844_w4256_t1589280445.jpg","height":0,"width":0},"url":"https:\/\/www.m40.cz\/ktera-barva-je-dobra\/","about":["Neza\u0159azen\u00e9"],"wordCount":561,"articleBody":"      No rozhodn\u011b modr\u00e1! V\u00edte, kter\u00e1 m\u00edstnost nikdy nesm\u00ed chyb\u011bt v byt\u011b nebo dom\u011b? Koupelna! Pr\u00e1v\u011b tato m\u00edstnost m\u016f\u017ee b\u00fdt v n\u011bkter\u00fdch domech v\u011bt\u0161\u00ed, v jin\u00fdch budov\u00e1ch, nap\u0159\u00edklad bytech t\u0159eba i men\u0161\u00ed. V\u017edy bude m\u00edt jist\u00fd sv\u016fj vlastn\u00ed prostor a\u0165 u\u017e men\u0161\u00ed nebo v\u011bt\u0161\u00ed a v\u017edy si ji m\u016f\u017eeme p\u0159izp\u016fsobit podle sv\u00fdch vlastn\u00edch p\u0159edstav. Sprchov\u00fd kout, vana, umyvadlo, pra\u010dka nebo su\u0161i\u010dka, n\u011bjak\u00e9 sk\u0159\u00ed\u0148ky, to v\u0161echno zde samoz\u0159ejm\u011b m\u016f\u017eete nal\u00e9zt. Do dal\u0161\u00edch prvk\u016f, kter\u00e9 se zde nach\u00e1z\u00ed, se \u0159ad\u00ed kosmetika v\u0161eho druhu. Tak\u017ee pokud skloub\u00edme na\u0161i dobrou barvu a m\u00edstnost, kter\u00e1 nesm\u00ed nikde chyb\u011bt, vznikne n\u00e1m pr\u00e1v\u011b to, o \u010dem se nyn\u00ed budeme nad\u00e1le bavit.  Co V\u00e1m vykouzl\u00ed \u00fasm\u011bv na tv\u00e1\u0159i? To, \u017ee se r\u00e1no vid\u00edte po probuzen\u00ed v zrcadle nebo to, \u017ee po hodin\u011b p\u0159\u00edprav odch\u00e1z\u00edte jako \u00fapln\u011b jin\u00fd \u010dlov\u011bk?  Ka\u017ed\u00fd by si m\u011bl cel\u00fd prostor p\u0159izp\u016fsobit podle sv\u00fdch pot\u0159eb a tak\u00e9 podle mo\u017enost\u00ed. V dne\u0161n\u00ed dob\u011b je opravdu z \u010deho vyb\u00edrat, proto si m\u016f\u017eete cel\u00fd prostor doladit k dokonalosti a obklopit se barvami, kter\u00e9 lahod\u00ed Va\u0161emu oku, jsou pro V\u00e1s l\u00edbiv\u00e9, a kter\u00e9 pr\u00e1v\u011b pro V\u00e1s p\u0159edstavuj\u00ed tu spr\u00e1vnou harmonii. A kdy\u017e u\u017e se bav\u00edme o harmonii, tak zde nesm\u00ed chyb\u011bt pr\u00e1v\u011b \u201ebarva vody\u201c.  Barva vody Rozhodn\u011b ji lze p\u0159irovnat k barv\u011b vody. \u010casto se o vod\u011b mluv\u00ed ve spojitosti pr\u00e1v\u011b s modrou barvou, le\u010d je samoz\u0159ejm\u011b voda sama o sob\u011b sp\u00ed\u0161e pr\u016fzra\u010dn\u00e1. Je to d\u00e1no z\u0159ejm\u011b t\u00edm, \u017ee pokud vid\u00edme v\u011bt\u0161\u00ed plochu vody, pak se n\u00e1m jev\u00ed pr\u00e1v\u011b jako tato kr\u00e1sn\u00e1 barva, p\u0159irovnat ji m\u016f\u017eeme zejm\u00e9na ke zn\u00e1m\u00e9mu mo\u0159i. V\u017edy\u0165 i z vesm\u00edru vid\u00edme na\u0161i planetu jako modro-zelenou. Tak\u017ee do t\u00e9to m\u00edstnosti rozhodn\u011b pat\u0159\u00ed. Pr\u00e1v\u011b tato barva ji m\u016f\u017ee zmodernizovat stejn\u011b tak jako z\u00fatulnit.  Modr\u00e1 koupelna https:\/\/www.skvelydomov.cz\/koupelna\/ je symbolem vody, kr\u00e1sy a elegance. S jak\u00fdmi dal\u0161\u00edmi barvami ji lze spojit?  Modr\u00e1 barva m\u016f\u017ee b\u00fdt syt\u00e1 i jemn\u00e1, m\u016f\u017ee p\u016fsobit st\u0159\u00edzliv\u011b i mimo\u0159\u00e1dn\u011b v\u00fdrazn\u011b. Pou\u017e\u00edt se daj\u00ed ve\u0161ker\u00e9 odst\u00edny od t\u00e9 nejjemn\u011bj\u0161\u00ed, jako kdy\u017e jsou na obloze po r\u00e1nu  http:\/\/www.lecbarany.cz\/o-lecbe-ran\/typy-ran\/hluboka-a-podminovana-rana jen lehounk\u00e9 mr\u00e1\u010dky s n\u00e1dechem n\u011b\u017enosti, a\u017e po ty syt\u00e9, kdy zapad\u00e1 slun\u00ed\u010dko a na druh\u00e9 stran\u011b u\u017e vid\u00edme tmav\u00fd odst\u00edn, z n\u011bho\u017e pomalu za\u010d\u00edn\u00e1 vykukovat m\u011bs\u00edc. Kombinovat se d\u00e1 snadno s b\u00edlou, p\u016fsob\u00ed pak sv\u011b\u017ee a modern\u011b, ale tak\u00e9 i s dal\u0161\u00edmi odst\u00edny jako je \u0161ed\u00e1. Vsadit na jistotu se d\u00e1 i v r\u00e1mci lehk\u00e9ho hara\u0161en\u00ed, nap\u0159\u00edklad pokud ji skombinujete s jinou v\u00fdraznou barvou jako dopl\u0148kem, nap\u0159\u00edklad \u017elutou, zelenou, fialovou nebo i \u010dervenou! Nebojte se experimentovat a vytvo\u0159it to, co se V\u00e1m bude l\u00edbit.                                                                                                                                                                                                                                                                                                                                                                                          4.5\/5 - (13 votes)        "},{"@context":"https:\/\/schema.org\/","@type":"BreadcrumbList","itemListElement":[{"@type":"ListItem","position":1,"name":"Kter\u00e1 barva je dobr\u00e1?","item":"https:\/\/www.m40.cz\/ktera-barva-je-dobra\/#breadcrumbitem"}]}]